{"id":5397,"date":"2026-04-25T18:47:27","date_gmt":"2026-04-25T17:47:27","guid":{"rendered":"https:\/\/janmadeus.net\/?p=5397"},"modified":"2026-04-25T18:55:35","modified_gmt":"2026-04-25T17:55:35","slug":"publix-berlin","status":"publish","type":"post","link":"https:\/\/janmadeus.net\/en\/publix-berlin\/","title":{"rendered":"Publix Berlin"},"content":{"rendered":"<div data-elementor-type=\"wp-post\" data-elementor-id=\"5397\" class=\"elementor elementor-5397\" data-elementor-post-type=\"post\">\n\t\t\t\t\t\t<section class=\"elementor-section elementor-top-section elementor-element elementor-element-6fae359d elementor-section-boxed elementor-section-height-default elementor-section-height-default\" data-id=\"6fae359d\" data-element_type=\"section\" data-e-type=\"section\">\n\t\t\t\t\t\t<div class=\"elementor-container elementor-column-gap-no\">\n\t\t\t\t\t<div class=\"elementor-column elementor-col-100 elementor-top-column elementor-element elementor-element-7966377f\" data-id=\"7966377f\" data-element_type=\"column\" data-e-type=\"column\">\n\t\t\t<div class=\"elementor-widget-wrap elementor-element-populated\">\n\t\t\t\t\t\t<div class=\"elementor-element elementor-element-2b6194a elementor-drop-cap-yes elementor-widget__width-initial elementor-drop-cap-view-default elementor-widget elementor-widget-text-editor\" data-id=\"2b6194a\" data-element_type=\"widget\" data-e-type=\"widget\" data-settings=\"{&quot;drop_cap&quot;:&quot;yes&quot;,&quot;aos_animation_name&quot;:&quot;none&quot;}\" data-widget_type=\"text-editor.default\">\n\t\t\t\t\t\t\t\t\t<p>Es gibt Orte in Berlin, die man zuf\u00e4llig entdeckt \u2014 und die man dann nicht mehr vergisst. Das Publix in Berlin-Neuk\u00f6lln, Hermannstra\u00dfe, ist so ein Ort.<br \/>Ich war dort mit der Kamera, ohne gro\u00dfe Erwartungen. Was ich vorgefunden habe, hat mich \u00fcberrascht \u2014 architektonisch, aber auch inhaltlich.<\/p>\t\t\t\t\t\t\t\t<\/div>\n\t\t\t\t<div class=\"elementor-element elementor-element-4f180db elementor-widget elementor-widget-spacer\" data-id=\"4f180db\" data-element_type=\"widget\" data-e-type=\"widget\" data-settings=\"{&quot;aos_animation_name&quot;:&quot;none&quot;}\" data-widget_type=\"spacer.default\">\n\t\t\t\t\t\t\t<div class=\"elementor-spacer\">\n\t\t\t<div class=\"elementor-spacer-inner\"><\/div>\n\t\t<\/div>\n\t\t\t\t\t\t<\/div>\n\t\t\t\t<div class=\"elementor-element elementor-element-91455dd elementor-widget elementor-widget-html\" data-id=\"91455dd\" data-element_type=\"widget\" data-e-type=\"widget\" data-settings=\"{&quot;aos_animation_name&quot;:&quot;none&quot;}\" data-widget_type=\"html.default\">\n\t\t\t\t\t<blockquote>Wir formen unsere Geb\u00e4ude, und danach formen unsere Geb\u00e4ude uns.<\/blockquote>\n<cite>Winston Churchill<\/cite>\t\t\t\t<\/div>\n\t\t\t\t<div class=\"elementor-element elementor-element-d8162f5 elementor-widget elementor-widget-text-editor\" data-id=\"d8162f5\" data-element_type=\"widget\" data-e-type=\"widget\" data-settings=\"{&quot;aos_animation_name&quot;:&quot;none&quot;}\" data-widget_type=\"text-editor.default\">\n\t\t\t\t\t\t\t\t\t<p><b>Ein Haus mit einer Aufgabe<br \/><\/b>Das Publix ist kein gew\u00f6hnliches Kulturhaus. Es ist ein Haus f\u00fcr Journalismus und \u00d6ffentlichkeit \u2014 gegr\u00fcndet mit dem Ziel, Journalismus in einer Zeit zu st\u00e4rken, in der er unter Druck steht. Technologische Umbr\u00fcche, wirtschaftliche Unsicherheiten, das Verschwinden lokaler Medien: Das sind keine abstrakten Probleme. Sie betreffen uns alle, weil sie betreffen, wie wir informiert werden und wie wir uns eine Meinung bilden.<br \/>Das Publix setzt dem etwas entgegen: Wissen \u00fcber Medien vermitteln, Falschinformationen erkennbar machen, R\u00e4ume f\u00fcr echte Gespr\u00e4che schaffen \u2014 jenseits von Algorithmen und Bildschirmen. Zivilgesellschaftliche Organisationen, Initiativen, B\u00fcrgerinnen und B\u00fcrger kommen hier zusammen. Der Anspruch ist gro\u00df. Aber das Geb\u00e4ude ist ihm gewachsen.<\/p><p><b>Rot von au\u00dfen, ruhig von innen<br \/><\/b>Von au\u00dfen f\u00e4llt das Publix sofort auf. Die Fassade aus warmem roten Backstein, der begr\u00fcnte Innenhof mit Sitzb\u00e4nken aus demselben Material, junge B\u00e4ume, ein paar Menschen die lesen oder reden \u2014 das wirkt fast wie eine Oase mitten in Neuk\u00f6lln. Einladend, ohne laut zu sein.<br \/>Das Geb\u00e4ude wurde von <b>AFF Architekten<\/b> entworfen und hat 2024 den <b>BDA Preis Berlin<\/b> gewonnen \u2014 vergeben vom Bund Deutscher Architekten. Als ich das nachgelesen habe, hat es mich nicht \u00fcberrascht.<\/p><p><b>Sichtbeton, der nicht kalt ist<br \/><\/b>Innen erwartet einen dann etwas Unerwartetes: Sichtbeton, wohin das Auge schaut. Decken, W\u00e4nde, Treppen \u2014 alles roh belassen. Normalerweise verbindet man das mit K\u00e4lte, mit H\u00e4rte. Hier ist es anders.<br \/>Das Licht spielt eine entscheidende Rolle. Gro\u00dfe Fensterfronten lassen die Sonne tief in die R\u00e4ume fallen. Schatten zeichnen Muster auf die Betonw\u00e4nde. Das Holz \u2014 bei den Treppen, den Tischen, den Sitzb\u00e4nken \u2014 bringt W\u00e4rme rein. Und immer wieder diese gezielten roten Akzente: eine Lampe, ein Stuhl, ein Tisch. Die Farbe des Au\u00dfenbaus taucht innen immer wieder auf, wie ein roter Faden.<br \/>Man merkt: Hier wurde nicht einfach gebaut. Hier wurde gedacht.<\/p><p><b>Der Veranstaltungsraum \u2014 Schlichtheit mit W\u00fcrde<br \/><\/b>Besonders beeindruckt hat mich der Veranstaltungsraum im Erdgeschoss. Wei\u00dfe St\u00fchle, vereinzelt rote, ein gro\u00dfer Bildschirm, seitlich grafische Wandmotive mit Sprechblasen und Stiften \u2014 eine dezente Hommage an die Welt des Journalismus. Kein Schnickschnack, keine Ablenkung. Und trotzdem hat der Raum eine echte W\u00fcrde. Man sp\u00fcrt: Hier finden Gespr\u00e4che statt, die z\u00e4hlen.<br \/>Das Caf\u00e9 im Erdgeschoss rundet das Bild ab. Ein runder Holztisch, kleine Hocker, eine auff\u00e4llige rote Deckenlampe \u2014 die Einladung, zu bleiben, ist un\u00fcbersehbar.<\/p><p><b>Warum dieser Ort z\u00e4hlt<br \/><\/b>Ich bin kein Architekturkritiker. Aber ich glaube, gute Architektur erz\u00e4hlt etwas \u00fcber die Menschen, die einen Ort gebaut haben \u2014 und \u00fcber die Menschen, f\u00fcr die er gedacht ist. Das Publix erz\u00e4hlt von Offenheit, von Austausch, von dem Wunsch, dass alle mitreden k\u00f6nnen.<br \/>In einer Stadt wie Berlin, wo Orte f\u00fcr echte Begegnung seltener werden, ist das kein kleines Ding.<br \/>Wenn ihr in Berlin seid: Hermannstra\u00dfe, Neuk\u00f6lln. Einfach reinschauen.<\/p><p><i>Publix Berlin \u2014 Hermannstra\u00dfe 6-12, 12051 Berlin<\/i> <i>Architektur: AFF Architekten<\/i> <i>BDA Preis Berlin 2024 <\/i><a href=\"https:\/\/www.publix.berlin\/\"><i>www.publix.berlin<\/i><\/a><\/p>\t\t\t\t\t\t\t\t<\/div>\n\t\t\t\t<div class=\"elementor-element elementor-element-ea813ea elementor-widget elementor-widget-spacer\" data-id=\"ea813ea\" data-element_type=\"widget\" data-e-type=\"widget\" data-settings=\"{&quot;aos_animation_name&quot;:&quot;none&quot;}\" data-widget_type=\"spacer.default\">\n\t\t\t\t\t\t\t<div class=\"elementor-spacer\">\n\t\t\t<div class=\"elementor-spacer-inner\"><\/div>\n\t\t<\/div>\n\t\t\t\t\t\t<\/div>\n\t\t\t\t\t<\/div>\n\t\t<\/div>\n\t\t\t\t\t<\/div>\n\t\t<\/section>\n\t\t<div class=\"elementor-element elementor-element-448491c e-flex e-con-boxed e-con e-parent\" data-id=\"448491c\" data-element_type=\"container\" data-e-type=\"container\">\n\t\t\t\t\t<div class=\"e-con-inner\">\n\t\t<div class=\"elementor-element elementor-element-5934304 e-con-full e-flex e-con e-child\" data-id=\"5934304\" data-element_type=\"container\" data-e-type=\"container\">\n\t\t\t\t\t\t\t\n\t\t\t<img class=\"e-image-base\" \n\t\t\t\t\tdata-interaction-id=\"4663c0b\" \n\t\t \n\t\t \n\t\t\t\t\t\t\t\t\tid=\"5404\"\n\t\t\t\t\t\t\t\t\t\t\t\tsrc=\"https:\/\/janmadeus.net\/wp-content\/uploads\/2026\/04\/01a_Publix_Neukoelln.jpg\"\n\t\t\t\t\t\t\t\t\t\t\t\twidth=\"1080\"\n\t\t\t\t\t\t\t\t\t\t\t\theight=\"1350\"\n\t\t\t\t\t\t\t\t\t\t\t\tsrcset=\"https:\/\/janmadeus.net\/wp-content\/uploads\/2026\/04\/01a_Publix_Neukoelln.jpg 1080w, https:\/\/janmadeus.net\/wp-content\/uploads\/2026\/04\/01a_Publix_Neukoelln-240x300.jpg 240w, https:\/\/janmadeus.net\/wp-content\/uploads\/2026\/04\/01a_Publix_Neukoelln-819x1024.jpg 819w, https:\/\/janmadeus.net\/wp-content\/uploads\/2026\/04\/01a_Publix_Neukoelln-768x960.jpg 768w, https:\/\/janmadeus.net\/wp-content\/uploads\/2026\/04\/01a_Publix_Neukoelln-500x625.jpg 500w, https:\/\/janmadeus.net\/wp-content\/uploads\/2026\/04\/01a_Publix_Neukoelln-800x1000.jpg 800w\"\n\t\t\t\t\t\t\t\t\t\t\t\talt=\"Publix, Neuk\u00f6lln, Berlin, Haus f\u00fcr Journalismus, Jan Madeus, Architekturfotografie\"\n\t\t\t\t\t\t\/>\n\t\t\t\t\t<\/div>\n\t\t<div class=\"elementor-element elementor-element-f637cc1 e-con-full e-flex e-con e-child\" data-id=\"f637cc1\" data-element_type=\"container\" data-e-type=\"container\">\n\t\t\t\t\t\t\t\n\t\t\t<img class=\"e-image-base\" \n\t\t\t\t\tdata-interaction-id=\"5c38498\" \n\t\t \n\t\t \n\t\t\t\t\t\t\t\t\tid=\"5402\"\n\t\t\t\t\t\t\t\t\t\t\t\tsrc=\"https:\/\/janmadeus.net\/wp-content\/uploads\/2026\/04\/03a_Publix_Neukoelln.jpg\"\n\t\t\t\t\t\t\t\t\t\t\t\twidth=\"1080\"\n\t\t\t\t\t\t\t\t\t\t\t\theight=\"1350\"\n\t\t\t\t\t\t\t\t\t\t\t\tsrcset=\"https:\/\/janmadeus.net\/wp-content\/uploads\/2026\/04\/03a_Publix_Neukoelln.jpg 1080w, https:\/\/janmadeus.net\/wp-content\/uploads\/2026\/04\/03a_Publix_Neukoelln-240x300.jpg 240w, https:\/\/janmadeus.net\/wp-content\/uploads\/2026\/04\/03a_Publix_Neukoelln-819x1024.jpg 819w, https:\/\/janmadeus.net\/wp-content\/uploads\/2026\/04\/03a_Publix_Neukoelln-768x960.jpg 768w, https:\/\/janmadeus.net\/wp-content\/uploads\/2026\/04\/03a_Publix_Neukoelln-500x625.jpg 500w, https:\/\/janmadeus.net\/wp-content\/uploads\/2026\/04\/03a_Publix_Neukoelln-800x1000.jpg 800w\"\n\t\t\t\t\t\t\t\t\t\t\t\talt=\"Publix, Neuk\u00f6lln, Berlin, Haus f\u00fcr Journalismus, Jan Madeus, Architekturfotografie\"\n\t\t\t\t\t\t\/>\n\t\t\t\t\t<\/div>\n\t\t\t\t\t<\/div>\n\t\t\t\t<\/div>\n\t\t\t\t<\/div>","protected":false},"excerpt":{"rendered":"<p>Es gibt Orte in Berlin, die man zuf\u00e4llig entdeckt \u2014 und die man dann nicht mehr vergisst. Das Publix in Berlin-Neuk\u00f6lln, Hermannstra\u00dfe, ist so ein Ort.Ich war dort mit der Kamera, ohne gro\u00dfe Erwartungen. Was ich vorgefunden habe, hat mich \u00fcberrascht \u2014 architektonisch, aber auch inhaltlich. Wir formen unsere Geb\u00e4ude, und danach formen unsere Geb\u00e4ude [&hellip;]<\/p>\n","protected":false},"author":1,"featured_media":5399,"comment_status":"open","ping_status":"open","sticky":false,"template":"","format":"standard","meta":{"_acf_changed":false,"om_disable_all_campaigns":false,"_monsterinsights_skip_tracking":false,"_monsterinsights_sitenote_active":false,"_monsterinsights_sitenote_note":"","_monsterinsights_sitenote_category":0,"_uf_show_specific_survey":0,"_uf_disable_surveys":false,"_vp_format_video_url":"","_vp_image_focal_point":[],"footnotes":""},"categories":[67,23],"tags":[64,79,26,10,68,88],"class_list":["post-5397","post","type-post","status-publish","format-standard","has-post-thumbnail","hentry","category-brutalismus","category-gebaude","tag-architekturfotografie","tag-bda-preis-2024","tag-berlin","tag-blog","tag-brutalismus","tag-haus-fur-journalismus"],"acf":[],"aioseo_notices":[],"_links":{"self":[{"href":"https:\/\/janmadeus.net\/en\/wp-json\/wp\/v2\/posts\/5397","targetHints":{"allow":["GET"]}}],"collection":[{"href":"https:\/\/janmadeus.net\/en\/wp-json\/wp\/v2\/posts"}],"about":[{"href":"https:\/\/janmadeus.net\/en\/wp-json\/wp\/v2\/types\/post"}],"author":[{"embeddable":true,"href":"https:\/\/janmadeus.net\/en\/wp-json\/wp\/v2\/users\/1"}],"replies":[{"embeddable":true,"href":"https:\/\/janmadeus.net\/en\/wp-json\/wp\/v2\/comments?post=5397"}],"version-history":[{"count":4,"href":"https:\/\/janmadeus.net\/en\/wp-json\/wp\/v2\/posts\/5397\/revisions"}],"predecessor-version":[{"id":5408,"href":"https:\/\/janmadeus.net\/en\/wp-json\/wp\/v2\/posts\/5397\/revisions\/5408"}],"wp:featuredmedia":[{"embeddable":true,"href":"https:\/\/janmadeus.net\/en\/wp-json\/wp\/v2\/media\/5399"}],"wp:attachment":[{"href":"https:\/\/janmadeus.net\/en\/wp-json\/wp\/v2\/media?parent=5397"}],"wp:term":[{"taxonomy":"category","embeddable":true,"href":"https:\/\/janmadeus.net\/en\/wp-json\/wp\/v2\/categories?post=5397"},{"taxonomy":"post_tag","embeddable":true,"href":"https:\/\/janmadeus.net\/en\/wp-json\/wp\/v2\/tags?post=5397"}],"curies":[{"name":"wp","href":"https:\/\/api.w.org\/{rel}","templated":true}]}}