{"id":5089,"date":"2026-04-04T11:38:18","date_gmt":"2026-04-04T10:38:18","guid":{"rendered":"https:\/\/janmadeus.net\/?p=5089"},"modified":"2026-04-04T11:42:16","modified_gmt":"2026-04-04T10:42:16","slug":"die-strase-lugt-nicht","status":"publish","type":"post","link":"https:\/\/janmadeus.net\/en\/die-strase-lugt-nicht\/","title":{"rendered":"Die Stra\u00dfe l\u00fcgt nicht"},"content":{"rendered":"<div data-elementor-type=\"wp-post\" data-elementor-id=\"5089\" class=\"elementor elementor-5089\" data-elementor-post-type=\"post\">\n\t\t\t\t\t\t<section class=\"elementor-section elementor-top-section elementor-element elementor-element-eac2222 elementor-section-boxed elementor-section-height-default elementor-section-height-default\" data-id=\"eac2222\" data-element_type=\"section\" data-e-type=\"section\">\n\t\t\t\t\t\t<div class=\"elementor-container elementor-column-gap-no\">\n\t\t\t\t\t<div class=\"elementor-column elementor-col-100 elementor-top-column elementor-element elementor-element-73b874a\" data-id=\"73b874a\" data-element_type=\"column\" data-e-type=\"column\">\n\t\t\t<div class=\"elementor-widget-wrap elementor-element-populated\">\n\t\t\t\t\t\t<div class=\"elementor-element elementor-element-b2debe5 elementor-drop-cap-yes elementor-drop-cap-view-default elementor-widget elementor-widget-text-editor\" data-id=\"b2debe5\" data-element_type=\"widget\" data-e-type=\"widget\" data-settings=\"{&quot;drop_cap&quot;:&quot;yes&quot;,&quot;aos_animation_name&quot;:&quot;none&quot;}\" data-widget_type=\"text-editor.default\">\n\t\t\t\t\t\t\t\t\t<p>Stra\u00dfenfotografie hat einen schlechten Ruf bei manchen Architekten. Zu zuf\u00e4llig, zu unkontrolliert, zu wenig planbar. Dabei ist sie das Gegenteil von dem, was viele denken \u2013 sie ist eine Disziplin. Eine der anspruchsvollsten \u00fcberhaupt. Es geht nicht darum, das Dramatische zu suchen. Nicht den Unfall, nicht den Streit, nicht den gro\u00dfen Moment. Es geht darum, das Gew\u00f6hnliche so zu sehen, dass es aufh\u00f6rt, gew\u00f6hnlich zu sein. Ein Mann, der im Regen wartet. Zwei Fremde, die sich kurz anschauen. Ein Schatten, der \u00fcber eine Wand l\u00e4uft. Diese Momente passieren st\u00e4ndig \u2013 und die meisten Menschen sehen sie nicht. Das Licht spielt dabei dieselbe Rolle wie in der Architekturfotografie. Es entscheidet. Wie es an einer Wand entlangschrammt, wie es zwischen zwei Geb\u00e4uden hindurchschneidet, wie es eine Pf\u00fctze in einen Spiegel verwandelt \u2013 das sind keine Zuf\u00e4lle. Das sind Einladungen. Wer sie sieht, hat Zeit. Wer sie nicht sieht, hat eine Kamera.<\/p>\t\t\t\t\t\t\t\t<\/div>\n\t\t\t\t<div class=\"elementor-element elementor-element-dd198a3 elementor-widget elementor-widget-spacer\" data-id=\"dd198a3\" data-element_type=\"widget\" data-e-type=\"widget\" data-settings=\"{&quot;aos_animation_name&quot;:&quot;none&quot;}\" data-widget_type=\"spacer.default\">\n\t\t\t\t\t\t\t<div class=\"elementor-spacer\">\n\t\t\t<div class=\"elementor-spacer-inner\"><\/div>\n\t\t<\/div>\n\t\t\t\t\t\t<\/div>\n\t\t\t\t<div class=\"elementor-element elementor-element-6be6180 elementor-widget elementor-widget-html\" data-id=\"6be6180\" data-element_type=\"widget\" data-e-type=\"widget\" data-settings=\"{&quot;aos_animation_name&quot;:&quot;none&quot;}\" data-widget_type=\"html.default\">\n\t\t\t\t\t<blockquote>Fotografieren hei\u00dft: in einer einzigen Aktion Kopf, Auge und Herz auf eine Linie bringen.<\/blockquote>\n<cite>Henri Cartier-Bresson<\/cite>\t\t\t\t<\/div>\n\t\t\t\t<div class=\"elementor-element elementor-element-da2ba4d elementor-widget elementor-widget-spacer\" data-id=\"da2ba4d\" data-element_type=\"widget\" data-e-type=\"widget\" data-settings=\"{&quot;aos_animation_name&quot;:&quot;none&quot;}\" data-widget_type=\"spacer.default\">\n\t\t\t\t\t\t\t<div class=\"elementor-spacer\">\n\t\t\t<div class=\"elementor-spacer-inner\"><\/div>\n\t\t<\/div>\n\t\t\t\t\t\t<\/div>\n\t\t\t\t<div class=\"elementor-element elementor-element-d14366c elementor-widget elementor-widget-text-editor\" data-id=\"d14366c\" data-element_type=\"widget\" data-e-type=\"widget\" data-settings=\"{&quot;aos_animation_name&quot;:&quot;none&quot;}\" data-widget_type=\"text-editor.default\">\n\t\t\t\t\t\t\t\t\t<p>Was Stra\u00dfenfotografie von anderen Disziplinen unterscheidet: Es gibt keinen Auftrag, keine Erwartung, kein Briefing. Die Stra\u00dfe gibt vor, was sie gibt. Die Aufgabe ist, pr\u00e4sent zu sein \u2013 nicht mit dem Kopf schon beim n\u00e4chsten Bild, sondern genau hier, genau jetzt. Das Warten geh\u00f6rt dazu. Dieselbe Ecke, wieder und wieder. Derselbe U-Bahn-Eingang, zu verschiedenen Tageszeiten, bei verschiedenem Licht. Nicht weil man wei\u00df, was kommen wird \u2013 sondern weil man gelernt hat, was dieser Ort kann. Wenn der richtige Moment eintritt, merkt man es, bevor die Kamera oben ist. Es ist weniger Technik als Instinkt. F\u00fcr Architekten ist dieser Blick nicht unwichtig. Die Stra\u00dfe zeigt, wie Menschen sich wirklich in gebauten R\u00e4umen bewegen \u2013 nicht wie sie es laut Grundriss sollen. Sie zeigt, wo Menschen stehen bleiben, wo sie sich dr\u00e4ngeln, wo sie durcheilen, ohne aufzuschauen. Ein Architekt, der Stra\u00dfenfotografie betrachtet, sieht seine eigene Arbeit aus einem anderen Winkel.<\/p><p>Die Kamera ver\u00e4ndert dabei nichts an der Welt. Sie ver\u00e4ndert nur den Blick auf sie.<\/p>\t\t\t\t\t\t\t\t<\/div>\n\t\t\t\t<div class=\"elementor-element elementor-element-1da0622 elementor-widget elementor-widget-spacer\" data-id=\"1da0622\" data-element_type=\"widget\" data-e-type=\"widget\" data-settings=\"{&quot;aos_animation_name&quot;:&quot;none&quot;}\" data-widget_type=\"spacer.default\">\n\t\t\t\t\t\t\t<div class=\"elementor-spacer\">\n\t\t\t<div class=\"elementor-spacer-inner\"><\/div>\n\t\t<\/div>\n\t\t\t\t\t\t<\/div>\n\t\t\t\t<div class=\"elementor-element elementor-element-b59365f elementor-widget elementor-widget-spacer\" data-id=\"b59365f\" data-element_type=\"widget\" data-e-type=\"widget\" data-settings=\"{&quot;aos_animation_name&quot;:&quot;none&quot;}\" data-widget_type=\"spacer.default\">\n\t\t\t\t\t\t\t<div class=\"elementor-spacer\">\n\t\t\t<div class=\"elementor-spacer-inner\"><\/div>\n\t\t<\/div>\n\t\t\t\t\t\t<\/div>\n\t\t\t\t\t<\/div>\n\t\t<\/div>\n\t\t\t\t\t<\/div>\n\t\t<\/section>\n\t\t\t\t<\/div>","protected":false},"excerpt":{"rendered":"<p>Stra\u00dfenfotografie hat einen schlechten Ruf bei manchen Architekten. Zu zuf\u00e4llig, zu unkontrolliert, zu wenig planbar. Dabei ist sie das Gegenteil von dem, was viele denken \u2013 sie ist eine Disziplin. Eine der anspruchsvollsten \u00fcberhaupt. Es geht nicht darum, das Dramatische zu suchen. Nicht den Unfall, nicht den Streit, nicht den gro\u00dfen Moment. Es geht darum, [&hellip;]<\/p>\n","protected":false},"author":1,"featured_media":5091,"comment_status":"open","ping_status":"open","sticky":false,"template":"","format":"standard","meta":{"_acf_changed":false,"om_disable_all_campaigns":false,"_monsterinsights_skip_tracking":false,"_monsterinsights_sitenote_active":false,"_monsterinsights_sitenote_note":"","_monsterinsights_sitenote_category":0,"_uf_show_specific_survey":0,"_uf_disable_surveys":false,"_vp_format_video_url":"","_vp_image_focal_point":[],"footnotes":""},"categories":[61,70],"tags":[26,24,25,15],"class_list":["post-5089","post","type-post","status-publish","format-standard","has-post-thumbnail","hentry","category-licht","category-strase","tag-berlin","tag-haus-der-kulturen-der-welt","tag-hkw","tag-photography"],"acf":[],"aioseo_notices":[],"_links":{"self":[{"href":"https:\/\/janmadeus.net\/en\/wp-json\/wp\/v2\/posts\/5089","targetHints":{"allow":["GET"]}}],"collection":[{"href":"https:\/\/janmadeus.net\/en\/wp-json\/wp\/v2\/posts"}],"about":[{"href":"https:\/\/janmadeus.net\/en\/wp-json\/wp\/v2\/types\/post"}],"author":[{"embeddable":true,"href":"https:\/\/janmadeus.net\/en\/wp-json\/wp\/v2\/users\/1"}],"replies":[{"embeddable":true,"href":"https:\/\/janmadeus.net\/en\/wp-json\/wp\/v2\/comments?post=5089"}],"version-history":[{"count":4,"href":"https:\/\/janmadeus.net\/en\/wp-json\/wp\/v2\/posts\/5089\/revisions"}],"predecessor-version":[{"id":5095,"href":"https:\/\/janmadeus.net\/en\/wp-json\/wp\/v2\/posts\/5089\/revisions\/5095"}],"wp:featuredmedia":[{"embeddable":true,"href":"https:\/\/janmadeus.net\/en\/wp-json\/wp\/v2\/media\/5091"}],"wp:attachment":[{"href":"https:\/\/janmadeus.net\/en\/wp-json\/wp\/v2\/media?parent=5089"}],"wp:term":[{"taxonomy":"category","embeddable":true,"href":"https:\/\/janmadeus.net\/en\/wp-json\/wp\/v2\/categories?post=5089"},{"taxonomy":"post_tag","embeddable":true,"href":"https:\/\/janmadeus.net\/en\/wp-json\/wp\/v2\/tags?post=5089"}],"curies":[{"name":"wp","href":"https:\/\/api.w.org\/{rel}","templated":true}]}}