{"id":5082,"date":"2026-04-04T10:49:26","date_gmt":"2026-04-04T09:49:26","guid":{"rendered":"https:\/\/janmadeus.net\/?p=5082"},"modified":"2026-04-04T10:53:25","modified_gmt":"2026-04-04T09:53:25","slug":"architektur-braucht-licht","status":"publish","type":"post","link":"https:\/\/janmadeus.net\/en\/architektur-braucht-licht\/","title":{"rendered":"Architektur braucht Licht"},"content":{"rendered":"<div data-elementor-type=\"wp-post\" data-elementor-id=\"5082\" class=\"elementor elementor-5082\" data-elementor-post-type=\"post\">\n\t\t\t\t\t\t<section class=\"elementor-section elementor-top-section elementor-element elementor-element-6720c1f elementor-section-boxed elementor-section-height-default elementor-section-height-default\" data-id=\"6720c1f\" data-element_type=\"section\" data-e-type=\"section\">\n\t\t\t\t\t\t<div class=\"elementor-container elementor-column-gap-no\">\n\t\t\t\t\t<div class=\"elementor-column elementor-col-100 elementor-top-column elementor-element elementor-element-75cbe17\" data-id=\"75cbe17\" data-element_type=\"column\" data-e-type=\"column\">\n\t\t\t<div class=\"elementor-widget-wrap elementor-element-populated\">\n\t\t\t\t\t\t<div class=\"elementor-element elementor-element-c35c05a elementor-drop-cap-yes elementor-drop-cap-view-default elementor-widget elementor-widget-text-editor\" data-id=\"c35c05a\" data-element_type=\"widget\" data-e-type=\"widget\" data-settings=\"{&quot;drop_cap&quot;:&quot;yes&quot;,&quot;aos_animation_name&quot;:&quot;none&quot;}\" data-widget_type=\"text-editor.default\">\n\t\t\t\t\t\t\t\t\t<p>Es gibt einen Moment beim Fotografieren, in dem man merkt: Das war es. Nicht weil die Kamera piepst oder die Belichtung stimmt \u2013 sondern weil das Licht pl\u00f6tzlich das tut, was man sich erhofft hat. Es macht das Geb\u00e4ude zu dem, was es sein soll. Das klingt einfach. Ist es aber nicht. Licht ver\u00e4ndert alles. Dieselbe Fassade sieht morgens anders aus als mittags. Mittags anders als kurz vor Sonnenuntergang. Flaches Seitenlicht macht Oberfl\u00e4chen greifbar \u2013 man sieht die Textur des Betons, die Fugen im Mauerwerk, die Tiefe eines Vordachs. Frontales Licht l\u00f6scht genau das aus. Alles wird flach, gleichm\u00e4\u00dfig, beliebig. Architekten wissen das. Die besten entwerfen bereits mit dem Sonnenverlauf im Kopf \u2013 sie wissen, wie das Licht um 9 Uhr morgens durch ein bestimmtes Fenster f\u00e4llt, wie ein Innenhof im Winter und im Sommer wirkt. Als Fotograf ist es die Aufgabe, dieses Wissen zu verstehen und in Bilder zu \u00fcbersetzen. Nicht das Geb\u00e4ude zu fotografieren, das da steht \u2013 sondern das Geb\u00e4ude, das der Architekt gedacht hat.<\/p>\t\t\t\t\t\t\t\t<\/div>\n\t\t\t\t<div class=\"elementor-element elementor-element-760b338 elementor-widget elementor-widget-spacer\" data-id=\"760b338\" data-element_type=\"widget\" data-e-type=\"widget\" data-settings=\"{&quot;aos_animation_name&quot;:&quot;none&quot;}\" data-widget_type=\"spacer.default\">\n\t\t\t\t\t\t\t<div class=\"elementor-spacer\">\n\t\t\t<div class=\"elementor-spacer-inner\"><\/div>\n\t\t<\/div>\n\t\t\t\t\t\t<\/div>\n\t\t\t\t<div class=\"elementor-element elementor-element-7d114f9 elementor-widget elementor-widget-html\" data-id=\"7d114f9\" data-element_type=\"widget\" data-e-type=\"widget\" data-settings=\"{&quot;aos_animation_name&quot;:&quot;none&quot;}\" data-widget_type=\"html.default\">\n\t\t\t\t\t<blockquote>Die Sonne wusste nie, wie gro\u00dfartig sie war \u2013 bis sie auf die Seite eines Geb\u00e4udes traf.<\/blockquote>\n<cite>Louis Kahn<\/cite>\t\t\t\t<\/div>\n\t\t\t\t<div class=\"elementor-element elementor-element-dc8e5fa elementor-widget elementor-widget-spacer\" data-id=\"dc8e5fa\" data-element_type=\"widget\" data-e-type=\"widget\" data-settings=\"{&quot;aos_animation_name&quot;:&quot;none&quot;}\" data-widget_type=\"spacer.default\">\n\t\t\t\t\t\t\t<div class=\"elementor-spacer\">\n\t\t\t<div class=\"elementor-spacer-inner\"><\/div>\n\t\t<\/div>\n\t\t\t\t\t\t<\/div>\n\t\t\t\t<div class=\"elementor-element elementor-element-4804ffd elementor-widget elementor-widget-text-editor\" data-id=\"4804ffd\" data-element_type=\"widget\" data-e-type=\"widget\" data-settings=\"{&quot;aos_animation_name&quot;:&quot;none&quot;}\" data-widget_type=\"text-editor.default\">\n\t\t\t\t\t\t\t\t\t<p>Daf\u00fcr braucht es manchmal Geduld. Einen zweiten Besuch. Einen fr\u00fchen Morgen oder einen sp\u00e4ten Abend. Das Mittagslicht ist selten ein Freund \u2013 es ist hart, schattenfrei und macht Architektur flach. Die goldene Stunde dagegen gibt Materialien W\u00e4rme und Tiefe, die sie im Rest des Tages nicht haben. Und dann ist da die Nacht. Kunstlicht ver\u00e4ndert ein Geb\u00e4ude komplett. Was tags\u00fcber massiv und schwer wirkt, kann nachts pl\u00f6tzlich leicht werden \u2013 wenn Licht von innen durch Glasfl\u00e4chen dringt, wenn eine Fassade angestrahlt wird, wenn eine Br\u00fccke sich im Wasser spiegelt. Nachtaufnahmen sind technisch anspruchsvoller, aber sie zeigen eine Seite von Architektur, die tags\u00fcber unsichtbar bleibt. Das Wichtigste bleibt: Licht ist keine Zutat, die man hinzuf\u00fcgt. Es ist das Material, mit dem gearbeitet wird. Wer das versteht, fotografiert keine Geb\u00e4ude \u2013 er fotografiert Momente.<\/p>\t\t\t\t\t\t\t\t<\/div>\n\t\t\t\t<div class=\"elementor-element elementor-element-8d15a63 elementor-widget elementor-widget-spacer\" data-id=\"8d15a63\" data-element_type=\"widget\" data-e-type=\"widget\" data-settings=\"{&quot;aos_animation_name&quot;:&quot;none&quot;}\" data-widget_type=\"spacer.default\">\n\t\t\t\t\t\t\t<div class=\"elementor-spacer\">\n\t\t\t<div class=\"elementor-spacer-inner\"><\/div>\n\t\t<\/div>\n\t\t\t\t\t\t<\/div>\n\t\t\t\t<div class=\"elementor-element elementor-element-21a118a elementor-widget elementor-widget-spacer\" data-id=\"21a118a\" data-element_type=\"widget\" data-e-type=\"widget\" data-settings=\"{&quot;aos_animation_name&quot;:&quot;none&quot;}\" data-widget_type=\"spacer.default\">\n\t\t\t\t\t\t\t<div class=\"elementor-spacer\">\n\t\t\t<div class=\"elementor-spacer-inner\"><\/div>\n\t\t<\/div>\n\t\t\t\t\t\t<\/div>\n\t\t\t\t<div class=\"elementor-element elementor-element-fae43d2 elementor-widget elementor-widget-spacer\" data-id=\"fae43d2\" data-element_type=\"widget\" data-e-type=\"widget\" data-settings=\"{&quot;aos_animation_name&quot;:&quot;none&quot;}\" data-widget_type=\"spacer.default\">\n\t\t\t\t\t\t\t<div class=\"elementor-spacer\">\n\t\t\t<div class=\"elementor-spacer-inner\"><\/div>\n\t\t<\/div>\n\t\t\t\t\t\t<\/div>\n\t\t\t\t\t<\/div>\n\t\t<\/div>\n\t\t\t\t\t<\/div>\n\t\t<\/section>\n\t\t\t\t<\/div>","protected":false},"excerpt":{"rendered":"<p>Es gibt einen Moment beim Fotografieren, in dem man merkt: Das war es. Nicht weil die Kamera piepst oder die Belichtung stimmt \u2013 sondern weil das Licht pl\u00f6tzlich das tut, was man sich erhofft hat. Es macht das Geb\u00e4ude zu dem, was es sein soll. Das klingt einfach. Ist es aber nicht. Licht ver\u00e4ndert alles. [&hellip;]<\/p>\n","protected":false},"author":1,"featured_media":5085,"comment_status":"open","ping_status":"open","sticky":false,"template":"","format":"standard","meta":{"_acf_changed":false,"om_disable_all_campaigns":false,"_monsterinsights_skip_tracking":false,"_monsterinsights_sitenote_active":false,"_monsterinsights_sitenote_note":"","_monsterinsights_sitenote_category":0,"_uf_show_specific_survey":0,"_uf_disable_surveys":false,"_vp_format_video_url":"","_vp_image_focal_point":[],"footnotes":""},"categories":[23,61],"tags":[26,11,62,15],"class_list":["post-5082","post","type-post","status-publish","format-standard","has-post-thumbnail","hentry","category-gebaude","category-licht","tag-berlin","tag-featured","tag-licht","tag-photography"],"acf":[],"aioseo_notices":[],"_links":{"self":[{"href":"https:\/\/janmadeus.net\/en\/wp-json\/wp\/v2\/posts\/5082","targetHints":{"allow":["GET"]}}],"collection":[{"href":"https:\/\/janmadeus.net\/en\/wp-json\/wp\/v2\/posts"}],"about":[{"href":"https:\/\/janmadeus.net\/en\/wp-json\/wp\/v2\/types\/post"}],"author":[{"embeddable":true,"href":"https:\/\/janmadeus.net\/en\/wp-json\/wp\/v2\/users\/1"}],"replies":[{"embeddable":true,"href":"https:\/\/janmadeus.net\/en\/wp-json\/wp\/v2\/comments?post=5082"}],"version-history":[{"count":5,"href":"https:\/\/janmadeus.net\/en\/wp-json\/wp\/v2\/posts\/5082\/revisions"}],"predecessor-version":[{"id":5088,"href":"https:\/\/janmadeus.net\/en\/wp-json\/wp\/v2\/posts\/5082\/revisions\/5088"}],"wp:featuredmedia":[{"embeddable":true,"href":"https:\/\/janmadeus.net\/en\/wp-json\/wp\/v2\/media\/5085"}],"wp:attachment":[{"href":"https:\/\/janmadeus.net\/en\/wp-json\/wp\/v2\/media?parent=5082"}],"wp:term":[{"taxonomy":"category","embeddable":true,"href":"https:\/\/janmadeus.net\/en\/wp-json\/wp\/v2\/categories?post=5082"},{"taxonomy":"post_tag","embeddable":true,"href":"https:\/\/janmadeus.net\/en\/wp-json\/wp\/v2\/tags?post=5082"}],"curies":[{"name":"wp","href":"https:\/\/api.w.org\/{rel}","templated":true}]}}